{"id":440,"date":"2021-04-08T09:52:02","date_gmt":"2021-04-08T07:52:02","guid":{"rendered":"https:\/\/tipartiamodinoi.wordpress.com\/?p=440"},"modified":"2021-11-24T18:13:20","modified_gmt":"2021-11-24T17:13:20","slug":"dal-medioevo-al-naturismo-in-una-giornata-il-castello-di-hochosterwitz-e-le-terme-di-villach","status":"publish","type":"post","link":"https:\/\/www.tipartiamodinoi.it\/index.php\/2021\/04\/08\/dal-medioevo-al-naturismo-in-una-giornata-il-castello-di-hochosterwitz-e-le-terme-di-villach\/","title":{"rendered":"Dal Medioevo al Naturismo in una giornata! Il castello di Hochosterwitz e le terme di Villach"},"content":{"rendered":"<p style=\"text-align:center;\"><em>di <strong>Mariangela Bruno<\/strong><\/em><\/p>\n<p style=\"text-align:justify;\">Il tempo e lo spazio sono alla fine due categorie strane di come possiamo percepire il mondo intorno a noi. Basta una manciata di Km per passare dalle atmosfere misteriose ed anguste delle guglie del pieno Medioevo, al piacere della libert\u00e0 senza orpelli delle terme finlandesi (anche se siamo in Austria).<\/p>\n<p style=\"text-align:justify;\">Sensazione strana. Corto circuito mentale. Sinapsi emotive e sensoriali in libert\u00e0. Una giornata da ricordare. Da Stargate.<\/p>\n<p style=\"text-align:justify;\"><img fetchpriority=\"high\" decoding=\"async\" class=\"  wp-image-444 alignright\" src=\"https:\/\/tipartiamodinoi.files.wordpress.com\/2018\/08\/07.jpg\" alt=\"07\" width=\"423\" height=\"206\">C\u2019era una volta, in alta Carinzia, un famoso ed inespugnabile castello, tra i pi\u00f9 leggendari del Medioevo per le sue caratteristiche e le tante storie di dame e cavalieri che hanno animato questo luogo magico. E\u2019 proprio come te lo immagini il castello medievale: una leggera bruma lo avvolge senza nasconderlo in un velo di mistero.  In cima ad un cucuzzolo di una montagna, con una collana di mura merlate che abbelliscono il corpo di questa signora fortezza, le guglie e i tetti spioventi e con cilindri che sembrano elmetti. Come quelli dei tanti militari che sicuramente ancora sono l\u00ec di guardia a proteggere e a salvaguardare la vita di questa piccola corte e la vita delle piccole principesse. 14 porte con altrettanti ponti levatoi e protezioni con pali di legno dalle punte acuminate, sembrano ricordarci ad ogni tornante da fare a piedi che per arrivare fino in cima, non solo te la devi sudare, ma le tue intenzioni devono essere sicuramente pacifiche. Due principessine senza gorgiere e polsini, ma vestite di shorts e leggins incedono con il loro regali saltelli tra i sentieri. Salgono allegre per ogni loro scoperta.<\/p>\n<p style=\"text-align:justify;\"><img decoding=\"async\" class=\"  wp-image-442 alignleft\" src=\"https:\/\/tipartiamodinoi.files.wordpress.com\/2018\/08\/14.jpg\" alt=\"14.JPG\" width=\"201\" height=\"302\">La pi\u00f9 piccola, madamigella Cloe, si ferma ad osservare un buffo ometto con un capello da elfo che tra i suoi lavori con il legno della sua umile e pulita bottega, intaglia sul momento un piccolo ciondolo a forma di cuore. Un dono per il dolce sorriso di questa principessa bambina. Milady Alice si diletta a far rimbombare il grande tronco cavo con due legnetti. Il suono cupo e potente si diffonde nell\u2019aria, mentre i corni in lontananza avvisano l\u2019arrivo di Sir Pasca con la sua dama Brunilde. Le guardie sono pronte a soddisfare qualunque esigenza della nobile coppia, ma prima si riposano in cerchio introno ai resti di un fuoco ancora caldo.<\/p>\n<p style=\"text-align:justify;\">Saliamo ancora.<\/p>\n<p style=\"text-align:justify;\">Una deviazione prima di arrivare al borgo del castello. Un piccolo ed elegante roseto fa da soave ingresso al piccolo sagrato della chiesetta. Un frondoso albero davanti all\u2019entrata ci invita a sederci e a prendere respiro. Una donna ed un uomo fermi e severi davanti alla porta in legno ci inducono rispetto. Sono bianche e rigide come statue. Sono statue, ma con lo sguardo severo e rigido di due persone con cui non conviene scherzare. Un crocifisso ligneo sembra spronarci ad andare avanti. Lo sguardo \u00e8 sofferente, ma il legno ammorbidisce quelle spine e quelle pieghe del volto.<\/p>\n<p style=\"text-align:justify;\"><img decoding=\"async\" class=\"  wp-image-448 alignright\" src=\"https:\/\/tipartiamodinoi.files.wordpress.com\/2018\/08\/24.jpg\" alt=\"24\" width=\"232\" height=\"309\" srcset=\"https:\/\/www.tipartiamodinoi.it\/wp-content\/uploads\/2018\/08\/24.jpg 1200w, https:\/\/www.tipartiamodinoi.it\/wp-content\/uploads\/2018\/08\/24-225x300.jpg 225w, https:\/\/www.tipartiamodinoi.it\/wp-content\/uploads\/2018\/08\/24-768x1024.jpg 768w, https:\/\/www.tipartiamodinoi.it\/wp-content\/uploads\/2018\/08\/24-1152x1536.jpg 1152w\" sizes=\"(max-width: 232px) 100vw, 232px\" \/>Ultima porta, ultime scale. Suono di trombe, rullo di tamburi, arriviamo con tutta la corte nella piazza dove arazzi, colonne colorate e insegne sugli scudi ci fanno capire che \u00e8 qui che si raccoglie la corte intorno ai suoi signori per la vita di questa piccola comunit\u00e0. I soldati ci lasciano salire sulle mura. Uno sguardo alla bellissima vallata verde. Il sole accarezza il volto di accaldato e colorato di madama Brunilde. Le montagne delimitano il blu del cielo e lo smeraldo dei boschi. Un signore ci guarda e ci saluta con fare gentile. Ha un taccuino in mano. Si presenta. Si chiama Ken Follet e sta prendendo spunti per un suo libro \u201cI pilastri della terra\u201d.<\/p>\n<p style=\"text-align:justify;\">E\u2019 ora di ritornare. Un cagnolino bianco con la linguetta rosa e con l\u2019incedere un po&#8217; affaticato, sembra pensare: \u201c Vabb\u00e8 che mi avete portato lungo questa scarpinata, ma anche cos\u00ec lontano nel tempo? Torniamo ai nostri giorni?\u201d<\/p>\n<p style=\"text-align:justify;\">E seguendo i desideri della nostra cagnolina ci ritroviamo catapultati in tempi moderni. Eccoci a Villach.<\/p>\n<p style=\"text-align:justify;\">Un centro delizioso e ben curato, una bella piazza che si snoda intorno ad una imponente chiesa, viuzze e localini di tipico stampo austriaco. Seguiamo un palloncino blu legato al polso di una bambina che svolazzante al vento ci conduce placida per questo giro. Lungo il fiume imbocchiamo la ciclabile che fiancheggia un campo di granoturco. Una panchina. Io e te che ci sediamo a guardare l\u2019acqua che scorre con i colori della sera che sta sopraggiungendo. E mentre le foglie si muovono argentee e silenziose, si parla d\u2019amore, di sogni e di altri misteri. Tu cerchi il silenzio dalle parole inutili, io anelo alle Parole Giuste che attraversano il silenzio.<\/p>\n<p><img loading=\"lazy\" decoding=\"async\" class=\"alignnone size-full wp-image-447\" src=\"https:\/\/tipartiamodinoi.files.wordpress.com\/2018\/08\/20.jpg\" alt=\"20\" width=\"1452\" height=\"973\"><\/p>\n<p style=\"text-align:justify;\">Un bellissimo tramonto ci insegue: un cielo che si dipinge di fuoco, la linea della montagna a destra, una chiesa dalle torri turchesi che iniziano a perdere definizione del proprio profilo e il fiume. Una coppia di anziani si rilassa con questa passeggiata serale. Sono mano nella mano, sembrano fatti l\u2019uno per l\u2019altra. Ispirano tenerezza e speranza.<\/p>\n<p style=\"text-align:justify;\">Ma Villach non rimarr\u00e0 impressa nei nostri ricordi per quella panchina (diciamo non solo..), ma per le terme.<\/p>\n<p style=\"text-align:justify;\"><img loading=\"lazy\" decoding=\"async\" class=\"  wp-image-445 alignleft\" src=\"https:\/\/tipartiamodinoi.files.wordpress.com\/2018\/08\/31_a.jpg\" alt=\"31_a\" width=\"313\" height=\"235\">Un complesso di piscine, giochi d\u2019acqua per grandi e piccoli, deisgn, riflessi di luce, scivoli, e tanto tanto relax. Ci siamo regalati una giornata memorabili tra sole, sauna, divertimenti, e noi quattro. E poi, ogni tanto, quel Noi diventava Due. Una parte delle terme \u00e8 riservata solo ai grandi, perch\u00e9 \u00e8 allo stile delle terme finlandesi\u2026 e come il re si vest\u00ec di nudit\u00e0, cos\u00ec noi ci siamo spogliati di tutti gli inutili orpelli. E cos\u00ec belli e brutti, grassi e smilzi (che importa!!!) come madre natura ci ha fatto, abbiamo goduto della semplicit\u00e0 del nostro corpo al sole, in piscina, in sauna\u2026<\/p>\n<p><img loading=\"lazy\" decoding=\"async\" class=\"  wp-image-446 alignright\" style=\"text-align:justify;\" src=\"https:\/\/tipartiamodinoi.files.wordpress.com\/2018\/08\/30.jpg\" alt=\"30\" width=\"268\" height=\"199\"><\/p>\n<p style=\"text-align:justify;\">Liberi da tutto. Godendo il piacere di essere vestiti solo dal sole che non lascer\u00e0 segni di costume, dall\u2019arietta fresca di montagna e dall\u2019assenza (quasi) totale di macchine fotografiche.<\/p>\n<p style=\"text-align:justify;\">Beh\u2026 comprensibile che non abbiamo molte foto da poter mostrare a testimonianza di questo insolito e totale relax\u2026<\/p>\n<div data-sliderid=\"7732\" id=\"penci-post-gallery__7732\" class=\"penci-post-gallery-container justified column-3\" data-height=\"150\" data-margin=\"3\"><a class=\"penci-gallery-ite item-gallery-justified\" href=\"https:\/\/www.tipartiamodinoi.it\/wp-content\/uploads\/2018\/08\/071-scaled.jpg\"><img decoding=\"async\" src=\"https:\/\/www.tipartiamodinoi.it\/wp-content\/uploads\/2018\/08\/071-scaled.jpg\" alt=\"\" title=\"07\"><\/a><a class=\"penci-gallery-ite item-gallery-justified\" href=\"https:\/\/www.tipartiamodinoi.it\/wp-content\/uploads\/2018\/08\/16.jpg\"><img decoding=\"async\" src=\"https:\/\/www.tipartiamodinoi.it\/wp-content\/uploads\/2018\/08\/16.jpg\" alt=\"\" title=\"16\"><\/a><a class=\"penci-gallery-ite item-gallery-justified\" href=\"https:\/\/www.tipartiamodinoi.it\/wp-content\/uploads\/2018\/08\/23-scaled.jpg\"><img decoding=\"async\" src=\"https:\/\/www.tipartiamodinoi.it\/wp-content\/uploads\/2018\/08\/23-scaled.jpg\" alt=\"\" title=\"23\"><\/a><a class=\"penci-gallery-ite item-gallery-justified\" href=\"https:\/\/www.tipartiamodinoi.it\/wp-content\/uploads\/2018\/08\/26-scaled.jpg\"><img decoding=\"async\" src=\"https:\/\/www.tipartiamodinoi.it\/wp-content\/uploads\/2018\/08\/26-scaled.jpg\" alt=\"\" title=\"26\"><\/a><a class=\"penci-gallery-ite item-gallery-justified\" href=\"https:\/\/www.tipartiamodinoi.it\/wp-content\/uploads\/2018\/08\/27.jpg\"><img decoding=\"async\" src=\"https:\/\/www.tipartiamodinoi.it\/wp-content\/uploads\/2018\/08\/27.jpg\" alt=\"\" title=\"27\"><\/a><a class=\"penci-gallery-ite item-gallery-justified\" href=\"https:\/\/www.tipartiamodinoi.it\/wp-content\/uploads\/2018\/08\/27_a-scaled.jpg\"><img decoding=\"async\" src=\"https:\/\/www.tipartiamodinoi.it\/wp-content\/uploads\/2018\/08\/27_a-scaled.jpg\" alt=\"\" title=\"27_a\"><\/a><a class=\"penci-gallery-ite item-gallery-justified\" href=\"https:\/\/www.tipartiamodinoi.it\/wp-content\/uploads\/2018\/08\/31-scaled.jpg\"><img decoding=\"async\" src=\"https:\/\/www.tipartiamodinoi.it\/wp-content\/uploads\/2018\/08\/31-scaled.jpg\" alt=\"\" title=\"31\"><\/a><\/div>\n","protected":false},"excerpt":{"rendered":"<p>di Mariangela Bruno Il tempo e lo spazio sono alla fine due categorie strane di come possiamo percepire il mondo intorno&hellip;<\/p>\n","protected":false},"author":2,"featured_media":2385,"comment_status":"open","ping_status":"open","sticky":false,"template":"","format":"standard","meta":{"om_disable_all_campaigns":false,"_monsterinsights_skip_tracking":false,"_monsterinsights_sitenote_active":false,"_monsterinsights_sitenote_note":"","_monsterinsights_sitenote_category":0,"footnotes":""},"categories":[60,5,10],"tags":[67,68,69,70,71],"class_list":["post-440","post","type-post","status-publish","format-standard","has-post-thumbnail","hentry","category-austria","category-europa","category-viaggi","tag-carinzia","tag-castello-medievale","tag-hochosterwitz","tag-terme","tag-villach"],"yoast_head":"<!-- This site is optimized with the Yoast SEO plugin v27.5 - https:\/\/yoast.com\/product\/yoast-seo-wordpress\/ -->\n<title>Dal Medioevo al Naturismo in una giornata! Il castello di Hochosterwitz e le terme di Villach - tiparTiamodinoi<\/title>\n<meta name=\"robots\" content=\"index, follow, max-snippet:-1, max-image-preview:large, max-video-preview:-1\" \/>\n<link rel=\"canonical\" href=\"https:\/\/www.tipartiamodinoi.it\/index.php\/2021\/04\/08\/dal-medioevo-al-naturismo-in-una-giornata-il-castello-di-hochosterwitz-e-le-terme-di-villach\/\" \/>\n<meta property=\"og:locale\" content=\"it_IT\" \/>\n<meta property=\"og:type\" content=\"article\" \/>\n<meta property=\"og:title\" content=\"Dal Medioevo al Naturismo in una giornata! Il castello di Hochosterwitz e le terme di Villach - tiparTiamodinoi\" \/>\n<meta property=\"og:description\" content=\"di Mariangela Bruno Il tempo e lo spazio sono alla fine due categorie strane di come possiamo percepire il mondo intorno&hellip;\" \/>\n<meta property=\"og:url\" content=\"https:\/\/www.tipartiamodinoi.it\/index.php\/2021\/04\/08\/dal-medioevo-al-naturismo-in-una-giornata-il-castello-di-hochosterwitz-e-le-terme-di-villach\/\" \/>\n<meta property=\"og:site_name\" content=\"tiparTiamodinoi\" \/>\n<meta property=\"article:author\" content=\"https:\/\/www.facebook.com\/mariangela.bruno.1232\" \/>\n<meta property=\"article:published_time\" content=\"2021-04-08T07:52:02+00:00\" \/>\n<meta property=\"article:modified_time\" content=\"2021-11-24T17:13:20+00:00\" \/>\n<meta property=\"og:image\" content=\"https:\/\/www.tipartiamodinoi.it\/wp-content\/uploads\/2021\/04\/hocho.jpg\" \/>\n\t<meta property=\"og:image:width\" content=\"1452\" \/>\n\t<meta property=\"og:image:height\" content=\"973\" \/>\n\t<meta property=\"og:image:type\" content=\"image\/jpeg\" \/>\n<meta name=\"author\" content=\"Mariangela\" \/>\n<meta name=\"twitter:card\" content=\"summary_large_image\" \/>\n<meta name=\"twitter:label1\" content=\"Scritto da\" \/>\n\t<meta name=\"twitter:data1\" content=\"Mariangela\" \/>\n\t<meta name=\"twitter:label2\" content=\"Tempo di lettura stimato\" \/>\n\t<meta name=\"twitter:data2\" content=\"6 minuti\" \/>\n<script type=\"application\/ld+json\" class=\"yoast-schema-graph\">{\"@context\":\"https:\\\/\\\/schema.org\",\"@graph\":[{\"@type\":\"Article\",\"@id\":\"https:\\\/\\\/www.tipartiamodinoi.it\\\/index.php\\\/2021\\\/04\\\/08\\\/dal-medioevo-al-naturismo-in-una-giornata-il-castello-di-hochosterwitz-e-le-terme-di-villach\\\/#article\",\"isPartOf\":{\"@id\":\"https:\\\/\\\/www.tipartiamodinoi.it\\\/index.php\\\/2021\\\/04\\\/08\\\/dal-medioevo-al-naturismo-in-una-giornata-il-castello-di-hochosterwitz-e-le-terme-di-villach\\\/\"},\"author\":{\"name\":\"Mariangela\",\"@id\":\"https:\\\/\\\/www.tipartiamodinoi.it\\\/#\\\/schema\\\/person\\\/7831b6056e984d0a0d07ecb54bc38f5e\"},\"headline\":\"Dal Medioevo al Naturismo in una giornata! Il castello di Hochosterwitz e le terme di Villach\",\"datePublished\":\"2021-04-08T07:52:02+00:00\",\"dateModified\":\"2021-11-24T17:13:20+00:00\",\"mainEntityOfPage\":{\"@id\":\"https:\\\/\\\/www.tipartiamodinoi.it\\\/index.php\\\/2021\\\/04\\\/08\\\/dal-medioevo-al-naturismo-in-una-giornata-il-castello-di-hochosterwitz-e-le-terme-di-villach\\\/\"},\"wordCount\":1007,\"commentCount\":9,\"image\":{\"@id\":\"https:\\\/\\\/www.tipartiamodinoi.it\\\/index.php\\\/2021\\\/04\\\/08\\\/dal-medioevo-al-naturismo-in-una-giornata-il-castello-di-hochosterwitz-e-le-terme-di-villach\\\/#primaryimage\"},\"thumbnailUrl\":\"https:\\\/\\\/www.tipartiamodinoi.it\\\/wp-content\\\/uploads\\\/2021\\\/04\\\/hocho.jpg\",\"keywords\":[\"Carinzia\",\"castello medievale\",\"Hochosterwitz\",\"Terme\",\"Villach\"],\"articleSection\":[\"Austria\",\"Europa\",\"Viaggi\"],\"inLanguage\":\"it-IT\",\"potentialAction\":[{\"@type\":\"CommentAction\",\"name\":\"Comment\",\"target\":[\"https:\\\/\\\/www.tipartiamodinoi.it\\\/index.php\\\/2021\\\/04\\\/08\\\/dal-medioevo-al-naturismo-in-una-giornata-il-castello-di-hochosterwitz-e-le-terme-di-villach\\\/#respond\"]}]},{\"@type\":\"WebPage\",\"@id\":\"https:\\\/\\\/www.tipartiamodinoi.it\\\/index.php\\\/2021\\\/04\\\/08\\\/dal-medioevo-al-naturismo-in-una-giornata-il-castello-di-hochosterwitz-e-le-terme-di-villach\\\/\",\"url\":\"https:\\\/\\\/www.tipartiamodinoi.it\\\/index.php\\\/2021\\\/04\\\/08\\\/dal-medioevo-al-naturismo-in-una-giornata-il-castello-di-hochosterwitz-e-le-terme-di-villach\\\/\",\"name\":\"Dal Medioevo al Naturismo in una giornata! Il castello di Hochosterwitz e le terme di Villach - tiparTiamodinoi\",\"isPartOf\":{\"@id\":\"https:\\\/\\\/www.tipartiamodinoi.it\\\/#website\"},\"primaryImageOfPage\":{\"@id\":\"https:\\\/\\\/www.tipartiamodinoi.it\\\/index.php\\\/2021\\\/04\\\/08\\\/dal-medioevo-al-naturismo-in-una-giornata-il-castello-di-hochosterwitz-e-le-terme-di-villach\\\/#primaryimage\"},\"image\":{\"@id\":\"https:\\\/\\\/www.tipartiamodinoi.it\\\/index.php\\\/2021\\\/04\\\/08\\\/dal-medioevo-al-naturismo-in-una-giornata-il-castello-di-hochosterwitz-e-le-terme-di-villach\\\/#primaryimage\"},\"thumbnailUrl\":\"https:\\\/\\\/www.tipartiamodinoi.it\\\/wp-content\\\/uploads\\\/2021\\\/04\\\/hocho.jpg\",\"datePublished\":\"2021-04-08T07:52:02+00:00\",\"dateModified\":\"2021-11-24T17:13:20+00:00\",\"author\":{\"@id\":\"https:\\\/\\\/www.tipartiamodinoi.it\\\/#\\\/schema\\\/person\\\/7831b6056e984d0a0d07ecb54bc38f5e\"},\"breadcrumb\":{\"@id\":\"https:\\\/\\\/www.tipartiamodinoi.it\\\/index.php\\\/2021\\\/04\\\/08\\\/dal-medioevo-al-naturismo-in-una-giornata-il-castello-di-hochosterwitz-e-le-terme-di-villach\\\/#breadcrumb\"},\"inLanguage\":\"it-IT\",\"potentialAction\":[{\"@type\":\"ReadAction\",\"target\":[\"https:\\\/\\\/www.tipartiamodinoi.it\\\/index.php\\\/2021\\\/04\\\/08\\\/dal-medioevo-al-naturismo-in-una-giornata-il-castello-di-hochosterwitz-e-le-terme-di-villach\\\/\"]}]},{\"@type\":\"ImageObject\",\"inLanguage\":\"it-IT\",\"@id\":\"https:\\\/\\\/www.tipartiamodinoi.it\\\/index.php\\\/2021\\\/04\\\/08\\\/dal-medioevo-al-naturismo-in-una-giornata-il-castello-di-hochosterwitz-e-le-terme-di-villach\\\/#primaryimage\",\"url\":\"https:\\\/\\\/www.tipartiamodinoi.it\\\/wp-content\\\/uploads\\\/2021\\\/04\\\/hocho.jpg\",\"contentUrl\":\"https:\\\/\\\/www.tipartiamodinoi.it\\\/wp-content\\\/uploads\\\/2021\\\/04\\\/hocho.jpg\",\"width\":1452,\"height\":973},{\"@type\":\"BreadcrumbList\",\"@id\":\"https:\\\/\\\/www.tipartiamodinoi.it\\\/index.php\\\/2021\\\/04\\\/08\\\/dal-medioevo-al-naturismo-in-una-giornata-il-castello-di-hochosterwitz-e-le-terme-di-villach\\\/#breadcrumb\",\"itemListElement\":[{\"@type\":\"ListItem\",\"position\":1,\"name\":\"Home\",\"item\":\"https:\\\/\\\/www.tipartiamodinoi.it\\\/\"},{\"@type\":\"ListItem\",\"position\":2,\"name\":\"Dal Medioevo al Naturismo in una giornata! Il castello di Hochosterwitz e le terme di Villach\"}]},{\"@type\":\"WebSite\",\"@id\":\"https:\\\/\\\/www.tipartiamodinoi.it\\\/#website\",\"url\":\"https:\\\/\\\/www.tipartiamodinoi.it\\\/\",\"name\":\"tiparTiamodinoi\",\"description\":\"Il blog di viaggi di Mariangela e Fabio\",\"potentialAction\":[{\"@type\":\"SearchAction\",\"target\":{\"@type\":\"EntryPoint\",\"urlTemplate\":\"https:\\\/\\\/www.tipartiamodinoi.it\\\/?s={search_term_string}\"},\"query-input\":{\"@type\":\"PropertyValueSpecification\",\"valueRequired\":true,\"valueName\":\"search_term_string\"}}],\"inLanguage\":\"it-IT\"},{\"@type\":\"Person\",\"@id\":\"https:\\\/\\\/www.tipartiamodinoi.it\\\/#\\\/schema\\\/person\\\/7831b6056e984d0a0d07ecb54bc38f5e\",\"name\":\"Mariangela\",\"image\":{\"@type\":\"ImageObject\",\"inLanguage\":\"it-IT\",\"@id\":\"https:\\\/\\\/www.tipartiamodinoi.it\\\/wp-content\\\/uploads\\\/2022\\\/01\\\/IMG_2017-150x150.jpg\",\"url\":\"https:\\\/\\\/www.tipartiamodinoi.it\\\/wp-content\\\/uploads\\\/2022\\\/01\\\/IMG_2017-150x150.jpg\",\"contentUrl\":\"https:\\\/\\\/www.tipartiamodinoi.it\\\/wp-content\\\/uploads\\\/2022\\\/01\\\/IMG_2017-150x150.jpg\",\"caption\":\"Mariangela\"},\"description\":\"Scrittrice per passione, appassionata da sempre. Vivo di emozioni vestite di immagini e nutrite di parole\",\"sameAs\":[\"http:\\\/\\\/www.tipartiamodinoi.it\",\"https:\\\/\\\/www.facebook.com\\\/mariangela.bruno.1232\",\"https:\\\/\\\/www.instagram.com\\\/tipartiamodinoi\\\/\",\"https:\\\/\\\/www.youtube.com\\\/channel\\\/UC-krDenxnGp_kcTH9xzDitA\\\/videos\"],\"url\":\"https:\\\/\\\/www.tipartiamodinoi.it\\\/index.php\\\/author\\\/mariangela\\\/\"}]}<\/script>\n<!-- \/ Yoast SEO plugin. -->","yoast_head_json":{"title":"Dal Medioevo al Naturismo in una giornata! Il castello di Hochosterwitz e le terme di Villach - tiparTiamodinoi","robots":{"index":"index","follow":"follow","max-snippet":"max-snippet:-1","max-image-preview":"max-image-preview:large","max-video-preview":"max-video-preview:-1"},"canonical":"https:\/\/www.tipartiamodinoi.it\/index.php\/2021\/04\/08\/dal-medioevo-al-naturismo-in-una-giornata-il-castello-di-hochosterwitz-e-le-terme-di-villach\/","og_locale":"it_IT","og_type":"article","og_title":"Dal Medioevo al Naturismo in una giornata! Il castello di Hochosterwitz e le terme di Villach - tiparTiamodinoi","og_description":"di Mariangela Bruno Il tempo e lo spazio sono alla fine due categorie strane di come possiamo percepire il mondo intorno&hellip;","og_url":"https:\/\/www.tipartiamodinoi.it\/index.php\/2021\/04\/08\/dal-medioevo-al-naturismo-in-una-giornata-il-castello-di-hochosterwitz-e-le-terme-di-villach\/","og_site_name":"tiparTiamodinoi","article_author":"https:\/\/www.facebook.com\/mariangela.bruno.1232","article_published_time":"2021-04-08T07:52:02+00:00","article_modified_time":"2021-11-24T17:13:20+00:00","og_image":[{"width":1452,"height":973,"url":"https:\/\/www.tipartiamodinoi.it\/wp-content\/uploads\/2021\/04\/hocho.jpg","type":"image\/jpeg"}],"author":"Mariangela","twitter_card":"summary_large_image","twitter_misc":{"Scritto da":"Mariangela","Tempo di lettura stimato":"6 minuti"},"schema":{"@context":"https:\/\/schema.org","@graph":[{"@type":"Article","@id":"https:\/\/www.tipartiamodinoi.it\/index.php\/2021\/04\/08\/dal-medioevo-al-naturismo-in-una-giornata-il-castello-di-hochosterwitz-e-le-terme-di-villach\/#article","isPartOf":{"@id":"https:\/\/www.tipartiamodinoi.it\/index.php\/2021\/04\/08\/dal-medioevo-al-naturismo-in-una-giornata-il-castello-di-hochosterwitz-e-le-terme-di-villach\/"},"author":{"name":"Mariangela","@id":"https:\/\/www.tipartiamodinoi.it\/#\/schema\/person\/7831b6056e984d0a0d07ecb54bc38f5e"},"headline":"Dal Medioevo al Naturismo in una giornata! Il castello di Hochosterwitz e le terme di Villach","datePublished":"2021-04-08T07:52:02+00:00","dateModified":"2021-11-24T17:13:20+00:00","mainEntityOfPage":{"@id":"https:\/\/www.tipartiamodinoi.it\/index.php\/2021\/04\/08\/dal-medioevo-al-naturismo-in-una-giornata-il-castello-di-hochosterwitz-e-le-terme-di-villach\/"},"wordCount":1007,"commentCount":9,"image":{"@id":"https:\/\/www.tipartiamodinoi.it\/index.php\/2021\/04\/08\/dal-medioevo-al-naturismo-in-una-giornata-il-castello-di-hochosterwitz-e-le-terme-di-villach\/#primaryimage"},"thumbnailUrl":"https:\/\/www.tipartiamodinoi.it\/wp-content\/uploads\/2021\/04\/hocho.jpg","keywords":["Carinzia","castello medievale","Hochosterwitz","Terme","Villach"],"articleSection":["Austria","Europa","Viaggi"],"inLanguage":"it-IT","potentialAction":[{"@type":"CommentAction","name":"Comment","target":["https:\/\/www.tipartiamodinoi.it\/index.php\/2021\/04\/08\/dal-medioevo-al-naturismo-in-una-giornata-il-castello-di-hochosterwitz-e-le-terme-di-villach\/#respond"]}]},{"@type":"WebPage","@id":"https:\/\/www.tipartiamodinoi.it\/index.php\/2021\/04\/08\/dal-medioevo-al-naturismo-in-una-giornata-il-castello-di-hochosterwitz-e-le-terme-di-villach\/","url":"https:\/\/www.tipartiamodinoi.it\/index.php\/2021\/04\/08\/dal-medioevo-al-naturismo-in-una-giornata-il-castello-di-hochosterwitz-e-le-terme-di-villach\/","name":"Dal Medioevo al Naturismo in una giornata! Il castello di Hochosterwitz e le terme di Villach - tiparTiamodinoi","isPartOf":{"@id":"https:\/\/www.tipartiamodinoi.it\/#website"},"primaryImageOfPage":{"@id":"https:\/\/www.tipartiamodinoi.it\/index.php\/2021\/04\/08\/dal-medioevo-al-naturismo-in-una-giornata-il-castello-di-hochosterwitz-e-le-terme-di-villach\/#primaryimage"},"image":{"@id":"https:\/\/www.tipartiamodinoi.it\/index.php\/2021\/04\/08\/dal-medioevo-al-naturismo-in-una-giornata-il-castello-di-hochosterwitz-e-le-terme-di-villach\/#primaryimage"},"thumbnailUrl":"https:\/\/www.tipartiamodinoi.it\/wp-content\/uploads\/2021\/04\/hocho.jpg","datePublished":"2021-04-08T07:52:02+00:00","dateModified":"2021-11-24T17:13:20+00:00","author":{"@id":"https:\/\/www.tipartiamodinoi.it\/#\/schema\/person\/7831b6056e984d0a0d07ecb54bc38f5e"},"breadcrumb":{"@id":"https:\/\/www.tipartiamodinoi.it\/index.php\/2021\/04\/08\/dal-medioevo-al-naturismo-in-una-giornata-il-castello-di-hochosterwitz-e-le-terme-di-villach\/#breadcrumb"},"inLanguage":"it-IT","potentialAction":[{"@type":"ReadAction","target":["https:\/\/www.tipartiamodinoi.it\/index.php\/2021\/04\/08\/dal-medioevo-al-naturismo-in-una-giornata-il-castello-di-hochosterwitz-e-le-terme-di-villach\/"]}]},{"@type":"ImageObject","inLanguage":"it-IT","@id":"https:\/\/www.tipartiamodinoi.it\/index.php\/2021\/04\/08\/dal-medioevo-al-naturismo-in-una-giornata-il-castello-di-hochosterwitz-e-le-terme-di-villach\/#primaryimage","url":"https:\/\/www.tipartiamodinoi.it\/wp-content\/uploads\/2021\/04\/hocho.jpg","contentUrl":"https:\/\/www.tipartiamodinoi.it\/wp-content\/uploads\/2021\/04\/hocho.jpg","width":1452,"height":973},{"@type":"BreadcrumbList","@id":"https:\/\/www.tipartiamodinoi.it\/index.php\/2021\/04\/08\/dal-medioevo-al-naturismo-in-una-giornata-il-castello-di-hochosterwitz-e-le-terme-di-villach\/#breadcrumb","itemListElement":[{"@type":"ListItem","position":1,"name":"Home","item":"https:\/\/www.tipartiamodinoi.it\/"},{"@type":"ListItem","position":2,"name":"Dal Medioevo al Naturismo in una giornata! Il castello di Hochosterwitz e le terme di Villach"}]},{"@type":"WebSite","@id":"https:\/\/www.tipartiamodinoi.it\/#website","url":"https:\/\/www.tipartiamodinoi.it\/","name":"tiparTiamodinoi","description":"Il blog di viaggi di Mariangela e Fabio","potentialAction":[{"@type":"SearchAction","target":{"@type":"EntryPoint","urlTemplate":"https:\/\/www.tipartiamodinoi.it\/?s={search_term_string}"},"query-input":{"@type":"PropertyValueSpecification","valueRequired":true,"valueName":"search_term_string"}}],"inLanguage":"it-IT"},{"@type":"Person","@id":"https:\/\/www.tipartiamodinoi.it\/#\/schema\/person\/7831b6056e984d0a0d07ecb54bc38f5e","name":"Mariangela","image":{"@type":"ImageObject","inLanguage":"it-IT","@id":"https:\/\/www.tipartiamodinoi.it\/wp-content\/uploads\/2022\/01\/IMG_2017-150x150.jpg","url":"https:\/\/www.tipartiamodinoi.it\/wp-content\/uploads\/2022\/01\/IMG_2017-150x150.jpg","contentUrl":"https:\/\/www.tipartiamodinoi.it\/wp-content\/uploads\/2022\/01\/IMG_2017-150x150.jpg","caption":"Mariangela"},"description":"Scrittrice per passione, appassionata da sempre. Vivo di emozioni vestite di immagini e nutrite di parole","sameAs":["http:\/\/www.tipartiamodinoi.it","https:\/\/www.facebook.com\/mariangela.bruno.1232","https:\/\/www.instagram.com\/tipartiamodinoi\/","https:\/\/www.youtube.com\/channel\/UC-krDenxnGp_kcTH9xzDitA\/videos"],"url":"https:\/\/www.tipartiamodinoi.it\/index.php\/author\/mariangela\/"}]}},"_links":{"self":[{"href":"https:\/\/www.tipartiamodinoi.it\/index.php\/wp-json\/wp\/v2\/posts\/440","targetHints":{"allow":["GET"]}}],"collection":[{"href":"https:\/\/www.tipartiamodinoi.it\/index.php\/wp-json\/wp\/v2\/posts"}],"about":[{"href":"https:\/\/www.tipartiamodinoi.it\/index.php\/wp-json\/wp\/v2\/types\/post"}],"author":[{"embeddable":true,"href":"https:\/\/www.tipartiamodinoi.it\/index.php\/wp-json\/wp\/v2\/users\/2"}],"replies":[{"embeddable":true,"href":"https:\/\/www.tipartiamodinoi.it\/index.php\/wp-json\/wp\/v2\/comments?post=440"}],"version-history":[{"count":2,"href":"https:\/\/www.tipartiamodinoi.it\/index.php\/wp-json\/wp\/v2\/posts\/440\/revisions"}],"predecessor-version":[{"id":2386,"href":"https:\/\/www.tipartiamodinoi.it\/index.php\/wp-json\/wp\/v2\/posts\/440\/revisions\/2386"}],"wp:featuredmedia":[{"embeddable":true,"href":"https:\/\/www.tipartiamodinoi.it\/index.php\/wp-json\/wp\/v2\/media\/2385"}],"wp:attachment":[{"href":"https:\/\/www.tipartiamodinoi.it\/index.php\/wp-json\/wp\/v2\/media?parent=440"}],"wp:term":[{"taxonomy":"category","embeddable":true,"href":"https:\/\/www.tipartiamodinoi.it\/index.php\/wp-json\/wp\/v2\/categories?post=440"},{"taxonomy":"post_tag","embeddable":true,"href":"https:\/\/www.tipartiamodinoi.it\/index.php\/wp-json\/wp\/v2\/tags?post=440"}],"curies":[{"name":"wp","href":"https:\/\/api.w.org\/{rel}","templated":true}]}}