{"id":2330,"date":"2021-11-24T17:58:20","date_gmt":"2021-11-24T16:58:20","guid":{"rendered":"https:\/\/www.tipartiamodinoi.it\/?p=2330"},"modified":"2022-01-06T19:45:40","modified_gmt":"2022-01-06T18:45:40","slug":"amazonia-e-salgado-una-mostra-imperdibile-a-roma","status":"publish","type":"post","link":"https:\/\/www.tipartiamodinoi.it\/index.php\/2021\/11\/24\/amazonia-e-salgado-una-mostra-imperdibile-a-roma\/","title":{"rendered":"Amazonia e Salgado: una mostra imperdibile a Roma"},"content":{"rendered":"\n<p>Nel tempio sacro della cultura e dell&#8217;arte contemporanea di Roma, al <a href=\"https:\/\/www.maxxi.art\/\" target=\"_blank\" rel=\"noreferrer noopener\">MAXXI<\/a> una grandiosa e potente mostra fotografica dello straordinario Sebastiao <a href=\"https:\/\/www.mostrasalgado.it\/\" target=\"_blank\" rel=\"noreferrer noopener\">Salgado <\/a>dedicata albellezza potente e fragile dell&#8217;Amazonia.<\/p>\n\n\n\n<h3 class=\"wp-block-heading\">Perch\u00e8 la mostra Amazonia di Salgado \u00e8 imperdibile<\/h3>\n\n\n\n<p>?? ????? ?? ????, ?????? ? ???? ? ?????? ???????.??? ??????? ???????, ??????\u275c ?????? ?? ?????????, ?????? ???????, ?????, ??????? ? ????????. ??? ???????? ??? ????????? ??????? ????? ? ?????? ??? ?????, ????? ?????? ? ??? ??????? ??? ????? ?????? ? ?????? ??????? ? ??????? ?? ? ????? ?????&#8230;<\/p>\n\n\n\n<h3 class=\"wp-block-heading\">Amazonia di Salgado: una mostra da vedere con tutti i sensi<\/h3>\n\n\n\n<p>Per sei anni ha viaggiato nell\u2019Amazzonia brasiliana, fotografando con il suo straordinario ed evocativo occhio e anima la foresta, i cieli, le nuvole piene di pioggia, i fiumi, le montagne, i volti, le persone e le culture che rendono vivi questi posti di una bellezza oltre ogni immaginazione. La mostra, in anteprima in Italia, con pi\u00f9 di 200 opere offre un&#8217;esperienza immersiva nell\u2019universo della foresta mettendo insieme le impressionanti fotografie di Salgado sull&#8217;Amazonia con i suoni concreti della foresta&#8230;. sembra di essere dentro quei luoghi, di sentire l&#8217;umidita&#8217;, di perdersi nei suoi colori e nelle sue spettacolsri immensit\u00e0&#8230;.ed ecco che il fruscio degli alberi ti invade, le grida degli animali ti atterriscono, il canto degli uccelli ti fanno sollevare gli occhi cetvanfoli tra le pareti&#8230;e il fragore delle acque che scendono dalla cima delle montagne&#8230; tutti suoni raccolti sul posto per comporre un paesaggio sonoro, creato da Jean-Michel Jarre, veramente difficile da tradurre in parole..<\/p>\n\n\n\n<h3 class=\"wp-block-heading\">L&#8217;Amazonia e la sua gente: una convivenza possibile?<\/h3>\n\n\n\n<p>La mostra mette in evidenza la fragilit\u00e0 di questo ecosistema, e rivela come nelle aree protette dove vivono le comunit\u00e0 indiane, immortalati dallo scatto crudo e inchiodante del bianco e nero del grande fotografo. Le sue foto restituiscono l&#8217;equilibrio di una convivenza aspra ma affascinante e possibile tra questi padroni e atavici guardiani ancestrali e la foresta segreta. Un monito silenzioso ma ineludibile si solleva guardando gli occhi neri e i corpi di questa gente: la mostra e&#8217; un grandioso memento a vedere, ascoltare e a riflettere sulla situazione ecologica e la relazione che gli uomini hanno oggi con essa.<\/p>\n\n\n\n<h3 class=\"wp-block-heading\">Un percorso fotografico articolato<\/h3>\n\n\n\n<p>6 le sezioni presenti nella mostra:<\/p>\n\n\n\n<p><strong>L&#8217; Amazzonia vista dall&#8217;alto<\/strong>: <\/p>\n\n\n\n<div class=\"wp-block-image is-style-default\"><figure class=\"aligncenter size-large\"><img fetchpriority=\"high\" decoding=\"async\" width=\"1024\" height=\"517\" src=\"https:\/\/www.tipartiamodinoi.it\/wp-content\/uploads\/2021\/11\/20211121_102307-1024x517.jpg\" alt=\"\" class=\"wp-image-2332\" srcset=\"https:\/\/www.tipartiamodinoi.it\/wp-content\/uploads\/2021\/11\/20211121_102307-1024x517.jpg 1024w, https:\/\/www.tipartiamodinoi.it\/wp-content\/uploads\/2021\/11\/20211121_102307-300x152.jpg 300w, https:\/\/www.tipartiamodinoi.it\/wp-content\/uploads\/2021\/11\/20211121_102307-768x388.jpg 768w, https:\/\/www.tipartiamodinoi.it\/wp-content\/uploads\/2021\/11\/20211121_102307-1536x776.jpg 1536w, https:\/\/www.tipartiamodinoi.it\/wp-content\/uploads\/2021\/11\/20211121_102307-2048x1034.jpg 2048w, https:\/\/www.tipartiamodinoi.it\/wp-content\/uploads\/2021\/11\/20211121_102307-1920x970.jpg 1920w, https:\/\/www.tipartiamodinoi.it\/wp-content\/uploads\/2021\/11\/20211121_102307-1170x591.jpg 1170w, https:\/\/www.tipartiamodinoi.it\/wp-content\/uploads\/2021\/11\/20211121_102307-585x295.jpg 585w\" sizes=\"(max-width: 1024px) 100vw, 1024px\" \/><\/figure><\/div>\n\n\n\n<p>Immaginate di chiudere gli occhi. Siamo su un velivolo piccolo e rumoroso. Sopra di noi nuvole plumbee. Stoo un mare. Verde. Intricato. A tratti pauroso. Ma potente.. potete oltre ogni immaginazione&#8230; ecco l&#8217;unico modo per poter cogliere le reali dimensioni e grandezza della foresta. Osservarla dall&#8217;alto&#8230;. osservandola dallo spazio. un oceano di rami, foglie, alberi, acque, curve sinuose dei lenti fiumi che l&#8217;attraversano&#8230;stiamo vedendo un&#8217;area che occupa un terzo del continente sudamericano, un\u2019area pi\u00f9 estesa dell\u2019intera Unione Europea, \u00e8 attraversata dal Rio delle Amazzoni che, con i suoi circa 1.100 affluenti, di cui 17 lunghi pi\u00f9 di 1.500 chilometri, alla fine della sua corsa riversa nell\u2019Oceano Atlantico, il 20% dell\u2019acqua dolce di tutta la Terra.<\/p>\n\n\n\n<p><\/p>\n\n\n\n<p><strong>Dissetare il continente<\/strong><\/p>\n\n\n\n<figure class=\"wp-block-image size-large\"><img decoding=\"async\" width=\"1024\" height=\"683\" src=\"https:\/\/www.tipartiamodinoi.it\/wp-content\/uploads\/2021\/11\/dissetare-1024x683.jpg\" alt=\"\" class=\"wp-image-2333\" srcset=\"https:\/\/www.tipartiamodinoi.it\/wp-content\/uploads\/2021\/11\/dissetare-1024x683.jpg 1024w, https:\/\/www.tipartiamodinoi.it\/wp-content\/uploads\/2021\/11\/dissetare-300x200.jpg 300w, https:\/\/www.tipartiamodinoi.it\/wp-content\/uploads\/2021\/11\/dissetare-768x512.jpg 768w, https:\/\/www.tipartiamodinoi.it\/wp-content\/uploads\/2021\/11\/dissetare-585x390.jpg 585w, https:\/\/www.tipartiamodinoi.it\/wp-content\/uploads\/2021\/11\/dissetare-263x175.jpg 263w, https:\/\/www.tipartiamodinoi.it\/wp-content\/uploads\/2021\/11\/dissetare.jpg 1063w\" sizes=\"(max-width: 1024px) 100vw, 1024px\" \/><figcaption><em>Rio Juta\u00ed. Stato of Amazonas, Brasile, 2017.<\/em><\/figcaption><\/figure>\n\n\n\n<p>Vagando tra il buio della mostra illuminata solo dal bianco e nero delle gigantesche foto, siamo rimasti colpiti dal profilo dei serpentoni. Sono i fiumi dell&#8217;Amazonia. Una delle caratteristiche pi\u00f9 straordinarie \u2013 e forse meno conosciute \u2013 della foresta pluviale  sono i \u201cfiumi volanti\u201d o \u201cfiumi atmosferici\u201d. Formandosi sopra la giungla amazzonica, questi \u201cfiumi aerei\u201d carichi di umidit\u00e0 si estendono su gran parte del continente sudamericano. Gli scienziati hanno stimato che se ogni giorno dal Rio delle Amazzoni vengono riversate nell\u2019oceano 17 miliardi di tonnellate d\u2019acqua, nello stesso lasso temporale dalla giungla se ne innalzano verso l\u2019atmosfera 20 miliardi \u2013 da cui l\u2019appellativo \u201cOceano Verde\u201d \u2013 abbandonando cos\u00ec la regione amazzonica. <\/p>\n\n\n\n<p>I \u201cfiumi volanti\u201d non sono solo essenziali per il benessere economico di decine di milioni di persone specialmente in Brasile, ma influenzano i modelli climatici dell\u2019intero pianeta e, a loro volta, subiscono gli effetti della deforestazione e del surriscaldamento globale.<\/p>\n\n\n\n<p><strong>Piove nella foresta pluviale<\/strong> <\/p>\n\n\n\n<figure class=\"wp-block-image size-large\"><img decoding=\"async\" width=\"1024\" height=\"658\" src=\"https:\/\/www.tipartiamodinoi.it\/wp-content\/uploads\/2021\/11\/20211120_181739-1024x658.jpg\" alt=\"\" class=\"wp-image-2334\" srcset=\"https:\/\/www.tipartiamodinoi.it\/wp-content\/uploads\/2021\/11\/20211120_181739-1024x658.jpg 1024w, https:\/\/www.tipartiamodinoi.it\/wp-content\/uploads\/2021\/11\/20211120_181739-300x193.jpg 300w, https:\/\/www.tipartiamodinoi.it\/wp-content\/uploads\/2021\/11\/20211120_181739-768x493.jpg 768w, https:\/\/www.tipartiamodinoi.it\/wp-content\/uploads\/2021\/11\/20211120_181739-1536x986.jpg 1536w, https:\/\/www.tipartiamodinoi.it\/wp-content\/uploads\/2021\/11\/20211120_181739-2048x1315.jpg 2048w, https:\/\/www.tipartiamodinoi.it\/wp-content\/uploads\/2021\/11\/20211120_181739-1920x1233.jpg 1920w, https:\/\/www.tipartiamodinoi.it\/wp-content\/uploads\/2021\/11\/20211120_181739-1170x751.jpg 1170w, https:\/\/www.tipartiamodinoi.it\/wp-content\/uploads\/2021\/11\/20211120_181739-585x376.jpg 585w\" sizes=\"(max-width: 1024px) 100vw, 1024px\" \/><\/figure>\n\n\n\n<p>tic tic tic&#8230; tic tic tic&#8230; la senti la pioggia nella foresta. Alzi gli occhi al cielo e ti senti inondare da un tappeto d&#8217;acqua. fitta, incessante, impenetrabile. Il suo rumore \u00e8 pieno, ti entra dentro, ti batte in testa&#8230; ti bagna&#8230; ma forse ti lava e ti lava via&#8230;<\/p>\n\n\n\n<p>Chiudi gli occhi. Sei davanti ad una foto. La senti la pioggia che ti invade. guardi questa foto&#8230; e sei l\u00ec. Non cerchi riparo&#8230; perch\u00e8 sai che la poggia non ti dar\u00e0 scampo. Per questo ti salva&#8230;<\/p>\n\n\n\n<p><strong>Vette inattese si ergono dai bassopiani<\/strong><\/p>\n\n\n\n<figure class=\"wp-block-image size-large\"><img loading=\"lazy\" decoding=\"async\" width=\"1024\" height=\"498\" src=\"https:\/\/www.tipartiamodinoi.it\/wp-content\/uploads\/2021\/11\/20211120_160202-1024x498.jpg\" alt=\"\" class=\"wp-image-2335\" srcset=\"https:\/\/www.tipartiamodinoi.it\/wp-content\/uploads\/2021\/11\/20211120_160202-1024x498.jpg 1024w, https:\/\/www.tipartiamodinoi.it\/wp-content\/uploads\/2021\/11\/20211120_160202-300x146.jpg 300w, https:\/\/www.tipartiamodinoi.it\/wp-content\/uploads\/2021\/11\/20211120_160202-768x373.jpg 768w, https:\/\/www.tipartiamodinoi.it\/wp-content\/uploads\/2021\/11\/20211120_160202-1536x747.jpg 1536w, https:\/\/www.tipartiamodinoi.it\/wp-content\/uploads\/2021\/11\/20211120_160202-2048x996.jpg 2048w, https:\/\/www.tipartiamodinoi.it\/wp-content\/uploads\/2021\/11\/20211120_160202-1920x933.jpg 1920w, https:\/\/www.tipartiamodinoi.it\/wp-content\/uploads\/2021\/11\/20211120_160202-1170x569.jpg 1170w, https:\/\/www.tipartiamodinoi.it\/wp-content\/uploads\/2021\/11\/20211120_160202-585x284.jpg 585w\" sizes=\"(max-width: 1024px) 100vw, 1024px\" \/><\/figure>\n\n\n\n<p>Montagne che si sollevano dall&#8217;Oceano verde come se fosse terra increspata. Tra nuvole e nebbiee, come imponenti signori si affacciano dai loro castelli per guardare l&#8217;immensit\u00e0 dela sorniona foresta.<\/p>\n\n\n\n<p>Eccole l\u00ec le Ande che definiscono la vita del bacino amazzonico e sorgono nell\u2019area pi\u00f9 occidentale del Brasile.  Emblema della catena \u00e8 il Pico da Neblina o Mist Peak che, con la sua vetta aguzza che supera 3.000 metri in altezza, \u00e8 la montagna pi\u00f9 alta del Brasile. Come suggerisce il nome, \u00e8 spesso avvolta da nubi che ne rendono la scalata un\u2019esperienza ardua e pericolosa. Certo che guardare queste foto ha reso qualunque esperienza di trekking come la pi\u00f9 banale delle passeggiate&#8230;<\/p>\n\n\n\n<p><strong>Isole nella corrente<\/strong><\/p>\n\n\n\n<figure class=\"wp-block-image size-large\"><img loading=\"lazy\" decoding=\"async\" width=\"1024\" height=\"687\" src=\"https:\/\/www.tipartiamodinoi.it\/wp-content\/uploads\/2021\/11\/20211120_182225-1024x687.jpg\" alt=\"\" class=\"wp-image-2339\" srcset=\"https:\/\/www.tipartiamodinoi.it\/wp-content\/uploads\/2021\/11\/20211120_182225-1024x687.jpg 1024w, https:\/\/www.tipartiamodinoi.it\/wp-content\/uploads\/2021\/11\/20211120_182225-300x201.jpg 300w, https:\/\/www.tipartiamodinoi.it\/wp-content\/uploads\/2021\/11\/20211120_182225-768x515.jpg 768w, https:\/\/www.tipartiamodinoi.it\/wp-content\/uploads\/2021\/11\/20211120_182225-1536x1030.jpg 1536w, https:\/\/www.tipartiamodinoi.it\/wp-content\/uploads\/2021\/11\/20211120_182225-2048x1374.jpg 2048w, https:\/\/www.tipartiamodinoi.it\/wp-content\/uploads\/2021\/11\/20211120_182225-1920x1288.jpg 1920w, https:\/\/www.tipartiamodinoi.it\/wp-content\/uploads\/2021\/11\/20211120_182225-1170x785.jpg 1170w, https:\/\/www.tipartiamodinoi.it\/wp-content\/uploads\/2021\/11\/20211120_182225-585x392.jpg 585w, https:\/\/www.tipartiamodinoi.it\/wp-content\/uploads\/2021\/11\/20211120_182225-263x175.jpg 263w\" sizes=\"(max-width: 1024px) 100vw, 1024px\" \/><\/figure>\n\n\n\n<p>Nella vastit\u00e0 della foresta dell\u2019Amazzonia, la battaglia tra terra e acqua ha dato origine al pi\u00f9 grande arcipelago di acqua dolce al mondo, conosciuto come arcipelago di Anavilhanas, caratterizzato da isole dalle forme pi\u00f9 disparate che emergono dalle scure acque del Rio Negro. Dall\u2019alto la vista \u00e8 mozzafiato, e si estende a perdita d\u2019occhio. Visto dal fiume l\u2019arcipelago somiglia a un enorme puzzle che soltanto i traghettatori pi\u00f9 esperti attraversano, essendo capaci di tracciare rotte che consentono un passaggio sicuro tra la miriade di ostacoli naturali presenti.<\/p>\n\n\n\n<p><strong>Paura e ispirazione<\/strong><\/p>\n\n\n\n<figure class=\"wp-block-gallery columns-3 is-cropped wp-block-gallery-1 is-layout-flex wp-block-gallery-is-layout-flex\"><ul class=\"blocks-gallery-grid\"><li class=\"blocks-gallery-item\"><figure><img loading=\"lazy\" decoding=\"async\" width=\"1024\" height=\"793\" src=\"https:\/\/www.tipartiamodinoi.it\/wp-content\/uploads\/2021\/11\/20211120_182515-1024x793.jpg\" alt=\"\" data-id=\"2336\" data-full-url=\"https:\/\/www.tipartiamodinoi.it\/wp-content\/uploads\/2021\/11\/20211120_182515.jpg\" data-link=\"https:\/\/www.tipartiamodinoi.it\/?attachment_id=2336\" class=\"wp-image-2336\" srcset=\"https:\/\/www.tipartiamodinoi.it\/wp-content\/uploads\/2021\/11\/20211120_182515-1024x793.jpg 1024w, https:\/\/www.tipartiamodinoi.it\/wp-content\/uploads\/2021\/11\/20211120_182515-300x232.jpg 300w, https:\/\/www.tipartiamodinoi.it\/wp-content\/uploads\/2021\/11\/20211120_182515-768x595.jpg 768w, https:\/\/www.tipartiamodinoi.it\/wp-content\/uploads\/2021\/11\/20211120_182515-1536x1190.jpg 1536w, https:\/\/www.tipartiamodinoi.it\/wp-content\/uploads\/2021\/11\/20211120_182515-2048x1586.jpg 2048w, https:\/\/www.tipartiamodinoi.it\/wp-content\/uploads\/2021\/11\/20211120_182515-1920x1487.jpg 1920w, https:\/\/www.tipartiamodinoi.it\/wp-content\/uploads\/2021\/11\/20211120_182515-1170x906.jpg 1170w, https:\/\/www.tipartiamodinoi.it\/wp-content\/uploads\/2021\/11\/20211120_182515-585x453.jpg 585w\" sizes=\"(max-width: 1024px) 100vw, 1024px\" \/><\/figure><\/li><li class=\"blocks-gallery-item\"><figure><img loading=\"lazy\" decoding=\"async\" width=\"925\" height=\"1024\" src=\"https:\/\/www.tipartiamodinoi.it\/wp-content\/uploads\/2021\/11\/20211120_190444-925x1024.jpg\" alt=\"\" data-id=\"2337\" data-full-url=\"https:\/\/www.tipartiamodinoi.it\/wp-content\/uploads\/2021\/11\/20211120_190444.jpg\" data-link=\"https:\/\/www.tipartiamodinoi.it\/?attachment_id=2337\" class=\"wp-image-2337\" srcset=\"https:\/\/www.tipartiamodinoi.it\/wp-content\/uploads\/2021\/11\/20211120_190444-925x1024.jpg 925w, https:\/\/www.tipartiamodinoi.it\/wp-content\/uploads\/2021\/11\/20211120_190444-271x300.jpg 271w, https:\/\/www.tipartiamodinoi.it\/wp-content\/uploads\/2021\/11\/20211120_190444-768x851.jpg 768w, https:\/\/www.tipartiamodinoi.it\/wp-content\/uploads\/2021\/11\/20211120_190444-1387x1536.jpg 1387w, https:\/\/www.tipartiamodinoi.it\/wp-content\/uploads\/2021\/11\/20211120_190444-1170x1296.jpg 1170w, https:\/\/www.tipartiamodinoi.it\/wp-content\/uploads\/2021\/11\/20211120_190444-585x648.jpg 585w, https:\/\/www.tipartiamodinoi.it\/wp-content\/uploads\/2021\/11\/20211120_190444.jpg 1629w\" sizes=\"(max-width: 925px) 100vw, 925px\" \/><\/figure><\/li><li class=\"blocks-gallery-item\"><figure><img loading=\"lazy\" decoding=\"async\" width=\"1024\" height=\"981\" src=\"https:\/\/www.tipartiamodinoi.it\/wp-content\/uploads\/2021\/11\/20211120_202801-1024x981.jpg\" alt=\"\" data-id=\"2338\" data-full-url=\"https:\/\/www.tipartiamodinoi.it\/wp-content\/uploads\/2021\/11\/20211120_202801.jpg\" data-link=\"https:\/\/www.tipartiamodinoi.it\/?attachment_id=2338\" class=\"wp-image-2338\" srcset=\"https:\/\/www.tipartiamodinoi.it\/wp-content\/uploads\/2021\/11\/20211120_202801-1024x981.jpg 1024w, https:\/\/www.tipartiamodinoi.it\/wp-content\/uploads\/2021\/11\/20211120_202801-300x287.jpg 300w, https:\/\/www.tipartiamodinoi.it\/wp-content\/uploads\/2021\/11\/20211120_202801-768x736.jpg 768w, https:\/\/www.tipartiamodinoi.it\/wp-content\/uploads\/2021\/11\/20211120_202801-1536x1471.jpg 1536w, https:\/\/www.tipartiamodinoi.it\/wp-content\/uploads\/2021\/11\/20211120_202801-1920x1839.jpg 1920w, https:\/\/www.tipartiamodinoi.it\/wp-content\/uploads\/2021\/11\/20211120_202801-1170x1121.jpg 1170w, https:\/\/www.tipartiamodinoi.it\/wp-content\/uploads\/2021\/11\/20211120_202801-585x560.jpg 585w, https:\/\/www.tipartiamodinoi.it\/wp-content\/uploads\/2021\/11\/20211120_202801.jpg 1944w\" sizes=\"(max-width: 1024px) 100vw, 1024px\" \/><\/figure><\/li><li class=\"blocks-gallery-item\"><figure><img loading=\"lazy\" decoding=\"async\" width=\"1024\" height=\"982\" src=\"https:\/\/www.tipartiamodinoi.it\/wp-content\/uploads\/2021\/11\/20211120_202843-1024x982.jpg\" alt=\"\" data-id=\"2341\" data-full-url=\"https:\/\/www.tipartiamodinoi.it\/wp-content\/uploads\/2021\/11\/20211120_202843.jpg\" data-link=\"https:\/\/www.tipartiamodinoi.it\/?attachment_id=2341\" class=\"wp-image-2341\" srcset=\"https:\/\/www.tipartiamodinoi.it\/wp-content\/uploads\/2021\/11\/20211120_202843-1024x982.jpg 1024w, https:\/\/www.tipartiamodinoi.it\/wp-content\/uploads\/2021\/11\/20211120_202843-300x288.jpg 300w, https:\/\/www.tipartiamodinoi.it\/wp-content\/uploads\/2021\/11\/20211120_202843-768x736.jpg 768w, https:\/\/www.tipartiamodinoi.it\/wp-content\/uploads\/2021\/11\/20211120_202843-1536x1473.jpg 1536w, https:\/\/www.tipartiamodinoi.it\/wp-content\/uploads\/2021\/11\/20211120_202843-1920x1841.jpg 1920w, https:\/\/www.tipartiamodinoi.it\/wp-content\/uploads\/2021\/11\/20211120_202843-1170x1122.jpg 1170w, https:\/\/www.tipartiamodinoi.it\/wp-content\/uploads\/2021\/11\/20211120_202843-585x561.jpg 585w, https:\/\/www.tipartiamodinoi.it\/wp-content\/uploads\/2021\/11\/20211120_202843.jpg 1960w\" sizes=\"(max-width: 1024px) 100vw, 1024px\" \/><\/figure><\/li><li class=\"blocks-gallery-item\"><figure><img loading=\"lazy\" decoding=\"async\" width=\"1024\" height=\"906\" src=\"https:\/\/www.tipartiamodinoi.it\/wp-content\/uploads\/2021\/11\/20211121_160806-1024x906.jpg\" alt=\"\" data-id=\"2342\" data-full-url=\"https:\/\/www.tipartiamodinoi.it\/wp-content\/uploads\/2021\/11\/20211121_160806.jpg\" data-link=\"https:\/\/www.tipartiamodinoi.it\/?attachment_id=2342\" class=\"wp-image-2342\" srcset=\"https:\/\/www.tipartiamodinoi.it\/wp-content\/uploads\/2021\/11\/20211121_160806-1024x906.jpg 1024w, https:\/\/www.tipartiamodinoi.it\/wp-content\/uploads\/2021\/11\/20211121_160806-300x265.jpg 300w, https:\/\/www.tipartiamodinoi.it\/wp-content\/uploads\/2021\/11\/20211121_160806-768x679.jpg 768w, https:\/\/www.tipartiamodinoi.it\/wp-content\/uploads\/2021\/11\/20211121_160806-1536x1359.jpg 1536w, https:\/\/www.tipartiamodinoi.it\/wp-content\/uploads\/2021\/11\/20211121_160806-1920x1699.jpg 1920w, https:\/\/www.tipartiamodinoi.it\/wp-content\/uploads\/2021\/11\/20211121_160806-1170x1035.jpg 1170w, https:\/\/www.tipartiamodinoi.it\/wp-content\/uploads\/2021\/11\/20211121_160806-585x518.jpg 585w, https:\/\/www.tipartiamodinoi.it\/wp-content\/uploads\/2021\/11\/20211121_160806.jpg 1960w\" sizes=\"(max-width: 1024px) 100vw, 1024px\" \/><\/figure><\/li><li class=\"blocks-gallery-item\"><figure><img loading=\"lazy\" decoding=\"async\" width=\"1024\" height=\"1024\" src=\"https:\/\/www.tipartiamodinoi.it\/wp-content\/uploads\/2021\/11\/20211121_160855-1024x1024.jpg\" alt=\"\" data-id=\"2343\" data-full-url=\"https:\/\/www.tipartiamodinoi.it\/wp-content\/uploads\/2021\/11\/20211121_160855.jpg\" data-link=\"https:\/\/www.tipartiamodinoi.it\/?attachment_id=2343\" class=\"wp-image-2343\" srcset=\"https:\/\/www.tipartiamodinoi.it\/wp-content\/uploads\/2021\/11\/20211121_160855-1024x1024.jpg 1024w, https:\/\/www.tipartiamodinoi.it\/wp-content\/uploads\/2021\/11\/20211121_160855-300x300.jpg 300w, https:\/\/www.tipartiamodinoi.it\/wp-content\/uploads\/2021\/11\/20211121_160855-150x150.jpg 150w, https:\/\/www.tipartiamodinoi.it\/wp-content\/uploads\/2021\/11\/20211121_160855-768x768.jpg 768w, https:\/\/www.tipartiamodinoi.it\/wp-content\/uploads\/2021\/11\/20211121_160855-1536x1536.jpg 1536w, https:\/\/www.tipartiamodinoi.it\/wp-content\/uploads\/2021\/11\/20211121_160855-1170x1171.jpg 1170w, https:\/\/www.tipartiamodinoi.it\/wp-content\/uploads\/2021\/11\/20211121_160855-585x585.jpg 585w, https:\/\/www.tipartiamodinoi.it\/wp-content\/uploads\/2021\/11\/20211121_160855.jpg 1826w\" sizes=\"(max-width: 1024px) 100vw, 1024px\" \/><\/figure><\/li><li class=\"blocks-gallery-item\"><figure><img loading=\"lazy\" decoding=\"async\" width=\"1024\" height=\"632\" src=\"https:\/\/www.tipartiamodinoi.it\/wp-content\/uploads\/2021\/11\/20211121_160931-1024x632.jpg\" alt=\"\" data-id=\"2344\" data-full-url=\"https:\/\/www.tipartiamodinoi.it\/wp-content\/uploads\/2021\/11\/20211121_160931-scaled.jpg\" data-link=\"https:\/\/www.tipartiamodinoi.it\/?attachment_id=2344\" class=\"wp-image-2344\" srcset=\"https:\/\/www.tipartiamodinoi.it\/wp-content\/uploads\/2021\/11\/20211121_160931-1024x632.jpg 1024w, https:\/\/www.tipartiamodinoi.it\/wp-content\/uploads\/2021\/11\/20211121_160931-300x185.jpg 300w, https:\/\/www.tipartiamodinoi.it\/wp-content\/uploads\/2021\/11\/20211121_160931-768x474.jpg 768w, https:\/\/www.tipartiamodinoi.it\/wp-content\/uploads\/2021\/11\/20211121_160931-1536x949.jpg 1536w, https:\/\/www.tipartiamodinoi.it\/wp-content\/uploads\/2021\/11\/20211121_160931-2048x1265.jpg 2048w, https:\/\/www.tipartiamodinoi.it\/wp-content\/uploads\/2021\/11\/20211121_160931-1920x1186.jpg 1920w, https:\/\/www.tipartiamodinoi.it\/wp-content\/uploads\/2021\/11\/20211121_160931-1170x722.jpg 1170w, https:\/\/www.tipartiamodinoi.it\/wp-content\/uploads\/2021\/11\/20211121_160931-585x361.jpg 585w\" sizes=\"(max-width: 1024px) 100vw, 1024px\" \/><\/figure><\/li><\/ul><\/figure>\n\n\n\n<p>Quando ho visto questi volti, questi corpi ho sentito che qualcosa si muoveva dentro. Si rimescolava perch\u00e8 quegli occhi neri mi guardavano con una forza ed una dolcezza oltre il tempo e lo spazio. Come mani delicate che inchiodano una farfalla. E con dolcezza pur bloccandola la accarezzavano. Lontano dai miei abiti, dalle mie comodit\u00e0, dai vestiti o da ci\u00f2 che \u00e8 comune&#8230; i volti dipinti in un bianco e nero senza indugi hanno rivelato la bellezza dell&#8217;altro&#8230; dei colori di ci\u00f2 che \u00e8 oltre la diversit\u00e0. La Bellezza di un corpo e di un volto che \u00e8 Esteticamente perfetto: insieme di luci ed ombre, di bianco e nero, di chiaroscuro. Di distanza che \u00e8 unit\u00e0. La gente della foresta Amazzonica non solo con queste potente immagini rivelano che \u00e8 possibile vivere ed essere natura in perfetto equilibrio&#8230; ma a me guardandomi con forza e dolcezza mi hanno sussurato&#8230; siamo tutti solo Persone, nude, vestite, colori, bianco e nero&#8230;.<\/p>\n\n\n\n<p>&#8230;.. e dopo questa full immeersion alla mostra&#8230;perch\u00e8 non chiudere l&#8217;esperienza romana con un bel <strong><a href=\"https:\/\/www.tipartiamodinoi.it\/index.php\/2021\/01\/12\/il-rosso-di-una-bici-nella-caput-mundi\/\" target=\"_blank\" rel=\"noreferrer noopener\">giro in bicicletta<\/a> scorazzando in lungo ed in largo nella caput mundi?<\/strong><\/p>\n\n\n\n<p>???? ????????<\/p>\n\n\n\n<p><img loading=\"lazy\" decoding=\"async\" alt=\"?\" src=\"https:\/\/static.xx.fbcdn.net\/images\/emoji.php\/v9\/t86\/1.5\/16\/1f4cd.png\" width=\"16\" height=\"16\">La mostra \u00e8 al MAXXI a Roma in via Via Guido Reni, 4a, 00196 Roma RM.Fino a 13 febbraio 2022 &#8211; preferibile prenotare<\/p>\n\n\n\n<p><\/p>\n\n\n\n<p><\/p>\n\n\n\n<p><\/p>\n","protected":false},"excerpt":{"rendered":"<p>Nel tempio sacro della cultura e dell&#8217;arte contemporanea di Roma, al MAXXI una grandiosa e potente mostra fotografica dello straordinario Sebastiao&hellip;<\/p>\n","protected":false},"author":2,"featured_media":2331,"comment_status":"open","ping_status":"open","sticky":false,"template":"","format":"standard","meta":{"om_disable_all_campaigns":false,"_monsterinsights_skip_tracking":false,"_monsterinsights_sitenote_active":false,"_monsterinsights_sitenote_note":"","_monsterinsights_sitenote_category":0,"footnotes":""},"categories":[50,29,374,54,327,368,47,10],"tags":[349,351,352,348,350,347,41],"class_list":["post-2330","post","type-post","status-publish","format-standard","has-post-thumbnail","hentry","category-cultura","category-eventi","category-lazio","category-mostre","category-photography","category-roma","category-sentimenti","category-viaggi","tag-amazonia","tag-blackwhite","tag-fotografia","tag-maxxi","tag-mostrafotografica","tag-salgado","tag-weekend"],"yoast_head":"<!-- This site is optimized with the Yoast SEO plugin v27.5 - https:\/\/yoast.com\/product\/yoast-seo-wordpress\/ -->\n<title>Amazonia e Salgado: una mostra imperdibile a Roma - tiparTiamodinoi<\/title>\n<meta name=\"description\" content=\"A Roma, al MAXXI la grande mostra fotografica immersiva di Salgado dedicata all&#039;Amazonia, ai suoi paesaggi, alla sua gente\" \/>\n<meta name=\"robots\" content=\"index, follow, max-snippet:-1, max-image-preview:large, max-video-preview:-1\" \/>\n<link rel=\"canonical\" href=\"https:\/\/www.tipartiamodinoi.it\/index.php\/2021\/11\/24\/amazonia-e-salgado-una-mostra-imperdibile-a-roma\/\" \/>\n<meta property=\"og:locale\" content=\"it_IT\" \/>\n<meta property=\"og:type\" content=\"article\" \/>\n<meta property=\"og:title\" content=\"Amazonia e Salgado: una mostra imperdibile a Roma - tiparTiamodinoi\" \/>\n<meta property=\"og:description\" content=\"A Roma, al MAXXI la grande mostra fotografica immersiva di Salgado dedicata all&#039;Amazonia, ai suoi paesaggi, alla sua gente\" \/>\n<meta property=\"og:url\" content=\"https:\/\/www.tipartiamodinoi.it\/index.php\/2021\/11\/24\/amazonia-e-salgado-una-mostra-imperdibile-a-roma\/\" \/>\n<meta property=\"og:site_name\" content=\"tiparTiamodinoi\" \/>\n<meta property=\"article:author\" content=\"https:\/\/www.facebook.com\/mariangela.bruno.1232\" \/>\n<meta property=\"article:published_time\" content=\"2021-11-24T16:58:20+00:00\" \/>\n<meta property=\"article:modified_time\" content=\"2022-01-06T18:45:40+00:00\" \/>\n<meta property=\"og:image\" content=\"https:\/\/www.tipartiamodinoi.it\/wp-content\/uploads\/2021\/11\/20211120_155920-scaled.jpg\" \/>\n\t<meta property=\"og:image:width\" content=\"2560\" \/>\n\t<meta property=\"og:image:height\" content=\"1244\" \/>\n\t<meta property=\"og:image:type\" content=\"image\/jpeg\" \/>\n<meta name=\"author\" content=\"Mariangela\" \/>\n<meta name=\"twitter:card\" content=\"summary_large_image\" \/>\n<meta name=\"twitter:label1\" content=\"Scritto da\" \/>\n\t<meta name=\"twitter:data1\" content=\"Mariangela\" \/>\n\t<meta name=\"twitter:label2\" content=\"Tempo di lettura stimato\" \/>\n\t<meta name=\"twitter:data2\" content=\"9 minuti\" \/>\n<script type=\"application\/ld+json\" class=\"yoast-schema-graph\">{\"@context\":\"https:\\\/\\\/schema.org\",\"@graph\":[{\"@type\":\"Article\",\"@id\":\"https:\\\/\\\/www.tipartiamodinoi.it\\\/index.php\\\/2021\\\/11\\\/24\\\/amazonia-e-salgado-una-mostra-imperdibile-a-roma\\\/#article\",\"isPartOf\":{\"@id\":\"https:\\\/\\\/www.tipartiamodinoi.it\\\/index.php\\\/2021\\\/11\\\/24\\\/amazonia-e-salgado-una-mostra-imperdibile-a-roma\\\/\"},\"author\":{\"name\":\"Mariangela\",\"@id\":\"https:\\\/\\\/www.tipartiamodinoi.it\\\/#\\\/schema\\\/person\\\/7831b6056e984d0a0d07ecb54bc38f5e\"},\"headline\":\"Amazonia e Salgado: una mostra imperdibile a Roma\",\"datePublished\":\"2021-11-24T16:58:20+00:00\",\"dateModified\":\"2022-01-06T18:45:40+00:00\",\"mainEntityOfPage\":{\"@id\":\"https:\\\/\\\/www.tipartiamodinoi.it\\\/index.php\\\/2021\\\/11\\\/24\\\/amazonia-e-salgado-una-mostra-imperdibile-a-roma\\\/\"},\"wordCount\":1128,\"commentCount\":35,\"image\":{\"@id\":\"https:\\\/\\\/www.tipartiamodinoi.it\\\/index.php\\\/2021\\\/11\\\/24\\\/amazonia-e-salgado-una-mostra-imperdibile-a-roma\\\/#primaryimage\"},\"thumbnailUrl\":\"https:\\\/\\\/www.tipartiamodinoi.it\\\/wp-content\\\/uploads\\\/2021\\\/11\\\/20211120_155920-scaled.jpg\",\"keywords\":[\"amazonia\",\"black&amp;white\",\"fotografia\",\"maxxi\",\"mostrafotografica\",\"salgado\",\"weekend\"],\"articleSection\":[\"Cultura\",\"Eventi\",\"Lazio\",\"Mostre\",\"Photography\",\"Roma\",\"Sentimenti\",\"Viaggi\"],\"inLanguage\":\"it-IT\",\"potentialAction\":[{\"@type\":\"CommentAction\",\"name\":\"Comment\",\"target\":[\"https:\\\/\\\/www.tipartiamodinoi.it\\\/index.php\\\/2021\\\/11\\\/24\\\/amazonia-e-salgado-una-mostra-imperdibile-a-roma\\\/#respond\"]}]},{\"@type\":\"WebPage\",\"@id\":\"https:\\\/\\\/www.tipartiamodinoi.it\\\/index.php\\\/2021\\\/11\\\/24\\\/amazonia-e-salgado-una-mostra-imperdibile-a-roma\\\/\",\"url\":\"https:\\\/\\\/www.tipartiamodinoi.it\\\/index.php\\\/2021\\\/11\\\/24\\\/amazonia-e-salgado-una-mostra-imperdibile-a-roma\\\/\",\"name\":\"Amazonia e Salgado: una mostra imperdibile a Roma - tiparTiamodinoi\",\"isPartOf\":{\"@id\":\"https:\\\/\\\/www.tipartiamodinoi.it\\\/#website\"},\"primaryImageOfPage\":{\"@id\":\"https:\\\/\\\/www.tipartiamodinoi.it\\\/index.php\\\/2021\\\/11\\\/24\\\/amazonia-e-salgado-una-mostra-imperdibile-a-roma\\\/#primaryimage\"},\"image\":{\"@id\":\"https:\\\/\\\/www.tipartiamodinoi.it\\\/index.php\\\/2021\\\/11\\\/24\\\/amazonia-e-salgado-una-mostra-imperdibile-a-roma\\\/#primaryimage\"},\"thumbnailUrl\":\"https:\\\/\\\/www.tipartiamodinoi.it\\\/wp-content\\\/uploads\\\/2021\\\/11\\\/20211120_155920-scaled.jpg\",\"datePublished\":\"2021-11-24T16:58:20+00:00\",\"dateModified\":\"2022-01-06T18:45:40+00:00\",\"author\":{\"@id\":\"https:\\\/\\\/www.tipartiamodinoi.it\\\/#\\\/schema\\\/person\\\/7831b6056e984d0a0d07ecb54bc38f5e\"},\"description\":\"A Roma, al MAXXI la grande mostra fotografica immersiva di Salgado dedicata all'Amazonia, ai suoi paesaggi, alla sua gente\",\"breadcrumb\":{\"@id\":\"https:\\\/\\\/www.tipartiamodinoi.it\\\/index.php\\\/2021\\\/11\\\/24\\\/amazonia-e-salgado-una-mostra-imperdibile-a-roma\\\/#breadcrumb\"},\"inLanguage\":\"it-IT\",\"potentialAction\":[{\"@type\":\"ReadAction\",\"target\":[\"https:\\\/\\\/www.tipartiamodinoi.it\\\/index.php\\\/2021\\\/11\\\/24\\\/amazonia-e-salgado-una-mostra-imperdibile-a-roma\\\/\"]}]},{\"@type\":\"ImageObject\",\"inLanguage\":\"it-IT\",\"@id\":\"https:\\\/\\\/www.tipartiamodinoi.it\\\/index.php\\\/2021\\\/11\\\/24\\\/amazonia-e-salgado-una-mostra-imperdibile-a-roma\\\/#primaryimage\",\"url\":\"https:\\\/\\\/www.tipartiamodinoi.it\\\/wp-content\\\/uploads\\\/2021\\\/11\\\/20211120_155920-scaled.jpg\",\"contentUrl\":\"https:\\\/\\\/www.tipartiamodinoi.it\\\/wp-content\\\/uploads\\\/2021\\\/11\\\/20211120_155920-scaled.jpg\",\"width\":2560,\"height\":1244,\"caption\":\"credit by Sebastiao Salgado\"},{\"@type\":\"BreadcrumbList\",\"@id\":\"https:\\\/\\\/www.tipartiamodinoi.it\\\/index.php\\\/2021\\\/11\\\/24\\\/amazonia-e-salgado-una-mostra-imperdibile-a-roma\\\/#breadcrumb\",\"itemListElement\":[{\"@type\":\"ListItem\",\"position\":1,\"name\":\"Home\",\"item\":\"https:\\\/\\\/www.tipartiamodinoi.it\\\/\"},{\"@type\":\"ListItem\",\"position\":2,\"name\":\"Amazonia e Salgado: una mostra imperdibile a Roma\"}]},{\"@type\":\"WebSite\",\"@id\":\"https:\\\/\\\/www.tipartiamodinoi.it\\\/#website\",\"url\":\"https:\\\/\\\/www.tipartiamodinoi.it\\\/\",\"name\":\"tiparTiamodinoi\",\"description\":\"Il blog di viaggi di Mariangela e Fabio\",\"potentialAction\":[{\"@type\":\"SearchAction\",\"target\":{\"@type\":\"EntryPoint\",\"urlTemplate\":\"https:\\\/\\\/www.tipartiamodinoi.it\\\/?s={search_term_string}\"},\"query-input\":{\"@type\":\"PropertyValueSpecification\",\"valueRequired\":true,\"valueName\":\"search_term_string\"}}],\"inLanguage\":\"it-IT\"},{\"@type\":\"Person\",\"@id\":\"https:\\\/\\\/www.tipartiamodinoi.it\\\/#\\\/schema\\\/person\\\/7831b6056e984d0a0d07ecb54bc38f5e\",\"name\":\"Mariangela\",\"image\":{\"@type\":\"ImageObject\",\"inLanguage\":\"it-IT\",\"@id\":\"https:\\\/\\\/www.tipartiamodinoi.it\\\/wp-content\\\/uploads\\\/2022\\\/01\\\/IMG_2017-150x150.jpg\",\"url\":\"https:\\\/\\\/www.tipartiamodinoi.it\\\/wp-content\\\/uploads\\\/2022\\\/01\\\/IMG_2017-150x150.jpg\",\"contentUrl\":\"https:\\\/\\\/www.tipartiamodinoi.it\\\/wp-content\\\/uploads\\\/2022\\\/01\\\/IMG_2017-150x150.jpg\",\"caption\":\"Mariangela\"},\"description\":\"Scrittrice per passione, appassionata da sempre. Vivo di emozioni vestite di immagini e nutrite di parole\",\"sameAs\":[\"http:\\\/\\\/www.tipartiamodinoi.it\",\"https:\\\/\\\/www.facebook.com\\\/mariangela.bruno.1232\",\"https:\\\/\\\/www.instagram.com\\\/tipartiamodinoi\\\/\",\"https:\\\/\\\/www.youtube.com\\\/channel\\\/UC-krDenxnGp_kcTH9xzDitA\\\/videos\"],\"url\":\"https:\\\/\\\/www.tipartiamodinoi.it\\\/index.php\\\/author\\\/mariangela\\\/\"}]}<\/script>\n<!-- \/ Yoast SEO plugin. -->","yoast_head_json":{"title":"Amazonia e Salgado: una mostra imperdibile a Roma - tiparTiamodinoi","description":"A Roma, al MAXXI la grande mostra fotografica immersiva di Salgado dedicata all'Amazonia, ai suoi paesaggi, alla sua gente","robots":{"index":"index","follow":"follow","max-snippet":"max-snippet:-1","max-image-preview":"max-image-preview:large","max-video-preview":"max-video-preview:-1"},"canonical":"https:\/\/www.tipartiamodinoi.it\/index.php\/2021\/11\/24\/amazonia-e-salgado-una-mostra-imperdibile-a-roma\/","og_locale":"it_IT","og_type":"article","og_title":"Amazonia e Salgado: una mostra imperdibile a Roma - tiparTiamodinoi","og_description":"A Roma, al MAXXI la grande mostra fotografica immersiva di Salgado dedicata all'Amazonia, ai suoi paesaggi, alla sua gente","og_url":"https:\/\/www.tipartiamodinoi.it\/index.php\/2021\/11\/24\/amazonia-e-salgado-una-mostra-imperdibile-a-roma\/","og_site_name":"tiparTiamodinoi","article_author":"https:\/\/www.facebook.com\/mariangela.bruno.1232","article_published_time":"2021-11-24T16:58:20+00:00","article_modified_time":"2022-01-06T18:45:40+00:00","og_image":[{"width":2560,"height":1244,"url":"https:\/\/www.tipartiamodinoi.it\/wp-content\/uploads\/2021\/11\/20211120_155920-scaled.jpg","type":"image\/jpeg"}],"author":"Mariangela","twitter_card":"summary_large_image","twitter_misc":{"Scritto da":"Mariangela","Tempo di lettura stimato":"9 minuti"},"schema":{"@context":"https:\/\/schema.org","@graph":[{"@type":"Article","@id":"https:\/\/www.tipartiamodinoi.it\/index.php\/2021\/11\/24\/amazonia-e-salgado-una-mostra-imperdibile-a-roma\/#article","isPartOf":{"@id":"https:\/\/www.tipartiamodinoi.it\/index.php\/2021\/11\/24\/amazonia-e-salgado-una-mostra-imperdibile-a-roma\/"},"author":{"name":"Mariangela","@id":"https:\/\/www.tipartiamodinoi.it\/#\/schema\/person\/7831b6056e984d0a0d07ecb54bc38f5e"},"headline":"Amazonia e Salgado: una mostra imperdibile a Roma","datePublished":"2021-11-24T16:58:20+00:00","dateModified":"2022-01-06T18:45:40+00:00","mainEntityOfPage":{"@id":"https:\/\/www.tipartiamodinoi.it\/index.php\/2021\/11\/24\/amazonia-e-salgado-una-mostra-imperdibile-a-roma\/"},"wordCount":1128,"commentCount":35,"image":{"@id":"https:\/\/www.tipartiamodinoi.it\/index.php\/2021\/11\/24\/amazonia-e-salgado-una-mostra-imperdibile-a-roma\/#primaryimage"},"thumbnailUrl":"https:\/\/www.tipartiamodinoi.it\/wp-content\/uploads\/2021\/11\/20211120_155920-scaled.jpg","keywords":["amazonia","black&amp;white","fotografia","maxxi","mostrafotografica","salgado","weekend"],"articleSection":["Cultura","Eventi","Lazio","Mostre","Photography","Roma","Sentimenti","Viaggi"],"inLanguage":"it-IT","potentialAction":[{"@type":"CommentAction","name":"Comment","target":["https:\/\/www.tipartiamodinoi.it\/index.php\/2021\/11\/24\/amazonia-e-salgado-una-mostra-imperdibile-a-roma\/#respond"]}]},{"@type":"WebPage","@id":"https:\/\/www.tipartiamodinoi.it\/index.php\/2021\/11\/24\/amazonia-e-salgado-una-mostra-imperdibile-a-roma\/","url":"https:\/\/www.tipartiamodinoi.it\/index.php\/2021\/11\/24\/amazonia-e-salgado-una-mostra-imperdibile-a-roma\/","name":"Amazonia e Salgado: una mostra imperdibile a Roma - tiparTiamodinoi","isPartOf":{"@id":"https:\/\/www.tipartiamodinoi.it\/#website"},"primaryImageOfPage":{"@id":"https:\/\/www.tipartiamodinoi.it\/index.php\/2021\/11\/24\/amazonia-e-salgado-una-mostra-imperdibile-a-roma\/#primaryimage"},"image":{"@id":"https:\/\/www.tipartiamodinoi.it\/index.php\/2021\/11\/24\/amazonia-e-salgado-una-mostra-imperdibile-a-roma\/#primaryimage"},"thumbnailUrl":"https:\/\/www.tipartiamodinoi.it\/wp-content\/uploads\/2021\/11\/20211120_155920-scaled.jpg","datePublished":"2021-11-24T16:58:20+00:00","dateModified":"2022-01-06T18:45:40+00:00","author":{"@id":"https:\/\/www.tipartiamodinoi.it\/#\/schema\/person\/7831b6056e984d0a0d07ecb54bc38f5e"},"description":"A Roma, al MAXXI la grande mostra fotografica immersiva di Salgado dedicata all'Amazonia, ai suoi paesaggi, alla sua gente","breadcrumb":{"@id":"https:\/\/www.tipartiamodinoi.it\/index.php\/2021\/11\/24\/amazonia-e-salgado-una-mostra-imperdibile-a-roma\/#breadcrumb"},"inLanguage":"it-IT","potentialAction":[{"@type":"ReadAction","target":["https:\/\/www.tipartiamodinoi.it\/index.php\/2021\/11\/24\/amazonia-e-salgado-una-mostra-imperdibile-a-roma\/"]}]},{"@type":"ImageObject","inLanguage":"it-IT","@id":"https:\/\/www.tipartiamodinoi.it\/index.php\/2021\/11\/24\/amazonia-e-salgado-una-mostra-imperdibile-a-roma\/#primaryimage","url":"https:\/\/www.tipartiamodinoi.it\/wp-content\/uploads\/2021\/11\/20211120_155920-scaled.jpg","contentUrl":"https:\/\/www.tipartiamodinoi.it\/wp-content\/uploads\/2021\/11\/20211120_155920-scaled.jpg","width":2560,"height":1244,"caption":"credit by Sebastiao Salgado"},{"@type":"BreadcrumbList","@id":"https:\/\/www.tipartiamodinoi.it\/index.php\/2021\/11\/24\/amazonia-e-salgado-una-mostra-imperdibile-a-roma\/#breadcrumb","itemListElement":[{"@type":"ListItem","position":1,"name":"Home","item":"https:\/\/www.tipartiamodinoi.it\/"},{"@type":"ListItem","position":2,"name":"Amazonia e Salgado: una mostra imperdibile a Roma"}]},{"@type":"WebSite","@id":"https:\/\/www.tipartiamodinoi.it\/#website","url":"https:\/\/www.tipartiamodinoi.it\/","name":"tiparTiamodinoi","description":"Il blog di viaggi di Mariangela e Fabio","potentialAction":[{"@type":"SearchAction","target":{"@type":"EntryPoint","urlTemplate":"https:\/\/www.tipartiamodinoi.it\/?s={search_term_string}"},"query-input":{"@type":"PropertyValueSpecification","valueRequired":true,"valueName":"search_term_string"}}],"inLanguage":"it-IT"},{"@type":"Person","@id":"https:\/\/www.tipartiamodinoi.it\/#\/schema\/person\/7831b6056e984d0a0d07ecb54bc38f5e","name":"Mariangela","image":{"@type":"ImageObject","inLanguage":"it-IT","@id":"https:\/\/www.tipartiamodinoi.it\/wp-content\/uploads\/2022\/01\/IMG_2017-150x150.jpg","url":"https:\/\/www.tipartiamodinoi.it\/wp-content\/uploads\/2022\/01\/IMG_2017-150x150.jpg","contentUrl":"https:\/\/www.tipartiamodinoi.it\/wp-content\/uploads\/2022\/01\/IMG_2017-150x150.jpg","caption":"Mariangela"},"description":"Scrittrice per passione, appassionata da sempre. Vivo di emozioni vestite di immagini e nutrite di parole","sameAs":["http:\/\/www.tipartiamodinoi.it","https:\/\/www.facebook.com\/mariangela.bruno.1232","https:\/\/www.instagram.com\/tipartiamodinoi\/","https:\/\/www.youtube.com\/channel\/UC-krDenxnGp_kcTH9xzDitA\/videos"],"url":"https:\/\/www.tipartiamodinoi.it\/index.php\/author\/mariangela\/"}]}},"_links":{"self":[{"href":"https:\/\/www.tipartiamodinoi.it\/index.php\/wp-json\/wp\/v2\/posts\/2330","targetHints":{"allow":["GET"]}}],"collection":[{"href":"https:\/\/www.tipartiamodinoi.it\/index.php\/wp-json\/wp\/v2\/posts"}],"about":[{"href":"https:\/\/www.tipartiamodinoi.it\/index.php\/wp-json\/wp\/v2\/types\/post"}],"author":[{"embeddable":true,"href":"https:\/\/www.tipartiamodinoi.it\/index.php\/wp-json\/wp\/v2\/users\/2"}],"replies":[{"embeddable":true,"href":"https:\/\/www.tipartiamodinoi.it\/index.php\/wp-json\/wp\/v2\/comments?post=2330"}],"version-history":[{"count":8,"href":"https:\/\/www.tipartiamodinoi.it\/index.php\/wp-json\/wp\/v2\/posts\/2330\/revisions"}],"predecessor-version":[{"id":2578,"href":"https:\/\/www.tipartiamodinoi.it\/index.php\/wp-json\/wp\/v2\/posts\/2330\/revisions\/2578"}],"wp:featuredmedia":[{"embeddable":true,"href":"https:\/\/www.tipartiamodinoi.it\/index.php\/wp-json\/wp\/v2\/media\/2331"}],"wp:attachment":[{"href":"https:\/\/www.tipartiamodinoi.it\/index.php\/wp-json\/wp\/v2\/media?parent=2330"}],"wp:term":[{"taxonomy":"category","embeddable":true,"href":"https:\/\/www.tipartiamodinoi.it\/index.php\/wp-json\/wp\/v2\/categories?post=2330"},{"taxonomy":"post_tag","embeddable":true,"href":"https:\/\/www.tipartiamodinoi.it\/index.php\/wp-json\/wp\/v2\/tags?post=2330"}],"curies":[{"name":"wp","href":"https:\/\/api.w.org\/{rel}","templated":true}]}}